{"id":332,"date":"2019-06-24T12:12:45","date_gmt":"2019-06-24T15:12:45","guid":{"rendered":"http:\/\/doctorchristianfontecilla.cl\/home\/?p=253"},"modified":"2022-05-02T23:49:45","modified_gmt":"2022-05-02T23:49:45","slug":"patologia-palpebral-y-lagrimal","status":"publish","type":"post","link":"https:\/\/doctorchristianfontecilla.cl\/home\/patologia-palpebral-y-lagrimal\/","title":{"rendered":"Patolog\u00eda palpebral y lagrimal"},"content":{"rendered":"\n<h3>\u00bfDe qu\u00e9 hablamos?<\/h3>\n\n\n\n<p>La patolog\u00eda del p\u00e1rpado y aparato lagrimal constituye un motivo de consulta frecuente tanto en atenci\u00f3n primaria como en la urgencia de cualquier hospital. Se trata de una patolog\u00eda que comprende desde malformaciones cong\u00e9nitas, en la edad pedi\u00e1trica, hasta cuadros propios de edades avanzadas como el ectropi\u00f3n senil o la patolog\u00eda tumoral.<\/p>\n\n\n\n<p>Con frecuencia, simplemente la observaci\u00f3n y exploraci\u00f3n del p\u00e1rpado nos va a proporcionar el diagn\u00f3stico, sin necesidad de recurrir a otras pruebas diagn\u00f3sticas complementarias; en otras ocasiones la aparici\u00f3n de signos a nivel palpebral nos llevar\u00e1 a sospechar enfermedades sist\u00e9micas que precisan otras t\u00e9cnicas de estudio (Pereira Sanz S, 2012). <\/p>\n","protected":false},"excerpt":{"rendered":"<p>\u00bfDe qu\u00e9 hablamos? La patolog\u00eda del p\u00e1rpado y aparato lagrimal constituye un motivo de consulta frecuente tanto en atenci\u00f3n primaria como en la urgencia de cualquier hospital. Se trata de una patolog\u00eda que comprende desde malformaciones cong\u00e9nitas, en la edad pedi\u00e1trica, hasta cuadros propios de edades avanzadas como el ectropi\u00f3n senil o la patolog\u00eda tumoral. [&hellip;]<\/p>\n","protected":false},"author":1,"featured_media":286,"comment_status":"open","ping_status":"closed","sticky":false,"template":"","format":"standard","meta":[],"categories":[9,10],"tags":[11,12,13],"_links":{"self":[{"href":"https:\/\/doctorchristianfontecilla.cl\/home\/wp-json\/wp\/v2\/posts\/332"}],"collection":[{"href":"https:\/\/doctorchristianfontecilla.cl\/home\/wp-json\/wp\/v2\/posts"}],"about":[{"href":"https:\/\/doctorchristianfontecilla.cl\/home\/wp-json\/wp\/v2\/types\/post"}],"author":[{"embeddable":true,"href":"https:\/\/doctorchristianfontecilla.cl\/home\/wp-json\/wp\/v2\/users\/1"}],"replies":[{"embeddable":true,"href":"https:\/\/doctorchristianfontecilla.cl\/home\/wp-json\/wp\/v2\/comments?post=332"}],"version-history":[{"count":1,"href":"https:\/\/doctorchristianfontecilla.cl\/home\/wp-json\/wp\/v2\/posts\/332\/revisions"}],"predecessor-version":[{"id":754,"href":"https:\/\/doctorchristianfontecilla.cl\/home\/wp-json\/wp\/v2\/posts\/332\/revisions\/754"}],"wp:featuredmedia":[{"embeddable":true,"href":"https:\/\/doctorchristianfontecilla.cl\/home\/wp-json\/wp\/v2\/media\/286"}],"wp:attachment":[{"href":"https:\/\/doctorchristianfontecilla.cl\/home\/wp-json\/wp\/v2\/media?parent=332"}],"wp:term":[{"taxonomy":"category","embeddable":true,"href":"https:\/\/doctorchristianfontecilla.cl\/home\/wp-json\/wp\/v2\/categories?post=332"},{"taxonomy":"post_tag","embeddable":true,"href":"https:\/\/doctorchristianfontecilla.cl\/home\/wp-json\/wp\/v2\/tags?post=332"}],"curies":[{"name":"wp","href":"https:\/\/api.w.org\/{rel}","templated":true}]}}