{"id":398,"date":"2019-07-28T11:28:13","date_gmt":"2019-07-28T14:28:13","guid":{"rendered":"http:\/\/doctorchristianfontecilla.cl\/home\/?p=398"},"modified":"2022-05-02T23:50:42","modified_gmt":"2022-05-02T23:50:42","slug":"ptosis-palpebral-2","status":"publish","type":"post","link":"https:\/\/doctorchristianfontecilla.cl\/home\/ptosis-palpebral-2\/","title":{"rendered":"Ptosis Palpebral"},"content":{"rendered":"\n<p>Es la ca\u00edda de uno o ambos p\u00e1rpados . Las\nrazones de esto son m\u00faltiples y dependen de la edad&nbsp; del paciente y de las patolog\u00edas oculares que\neste tenga.<\/p>\n\n\n\n<p>Previamente a la cirug\u00eda se realizan\nevaluaci\u00f3n oftalmol\u00f3gica completa &nbsp;y\nmediciones funcionales del p\u00e1rpado.<\/p>\n\n\n\n<h4>&nbsp;La cirug\u00eda misma<\/h4>\n\n\n\n<ul><li>Se realizar\u00e1 un marcado de la piel donde se har\u00e1 la incisi\u00f3n.<\/li><li>Anestesia:&nbsp; local m\u00e1s sedaci\u00f3n del paciente en adultos. En ni\u00f1os es con anestesia&nbsp; general.<\/li><li>Seguimiento post operatorio<ol><li>Controles sucesivos dentro del primer mes.<\/li><li>Tratamiento farmacol\u00f3gico: ung\u00fcento o pomadas&nbsp; antibi\u00f3ticas en heridas operatorias.<\/li><li>Frio local: aplicar hielo, gel o cualquier formato de frio unas 4-5 veces al d\u00eda durante 30 minutos&nbsp; cada vez en forma intermitente para no quemar la piel.<\/li><li>Dieta: normal.<\/li><li>Posibles molestias post operatorias: dificultad para cerrar el ojo(primeros d\u00edas) visi\u00f3n borrosa, hinchaz\u00f3n, equimosis o moretones.<\/li><\/ol><\/li><\/ul>\n\n\n\n<p>Las primeras 24 hrs: tendr\u00e1 el ojo\noperado vendado<\/p>\n\n\n\n<h4>Recomendaciones generales post operatorias<\/h4>\n\n\n\n<ul><li>Leer, ver televisi\u00f3n sin restricci\u00f3n.<\/li><li>No frotar los parpados.<\/li><li>Evitara dormir para el lado operado.<\/li><\/ul>\n\n\n\n<h4>\u00bfCu\u00e1ndo acudir a control de urgencia <\/h4>\n\n\n\n<ul><li>Dolor que no responde a analgesia<\/li><li>Sangrado abundante<\/li><li>Perdida de parte de la sutura<\/li><\/ul>\n","protected":false},"excerpt":{"rendered":"<p>Es la ca\u00edda de uno o ambos p\u00e1rpados . Las razones de esto son m\u00faltiples y dependen de la edad&nbsp; del paciente y de las patolog\u00edas oculares que este tenga. Previamente a la cirug\u00eda se realizan evaluaci\u00f3n oftalmol\u00f3gica completa &nbsp;y mediciones funcionales del p\u00e1rpado. &nbsp;La cirug\u00eda misma Se realizar\u00e1 un marcado de la piel donde [&hellip;]<\/p>\n","protected":false},"author":1,"featured_media":303,"comment_status":"open","ping_status":"open","sticky":false,"template":"","format":"standard","meta":[],"categories":[9,10],"tags":[24],"_links":{"self":[{"href":"https:\/\/doctorchristianfontecilla.cl\/home\/wp-json\/wp\/v2\/posts\/398"}],"collection":[{"href":"https:\/\/doctorchristianfontecilla.cl\/home\/wp-json\/wp\/v2\/posts"}],"about":[{"href":"https:\/\/doctorchristianfontecilla.cl\/home\/wp-json\/wp\/v2\/types\/post"}],"author":[{"embeddable":true,"href":"https:\/\/doctorchristianfontecilla.cl\/home\/wp-json\/wp\/v2\/users\/1"}],"replies":[{"embeddable":true,"href":"https:\/\/doctorchristianfontecilla.cl\/home\/wp-json\/wp\/v2\/comments?post=398"}],"version-history":[{"count":1,"href":"https:\/\/doctorchristianfontecilla.cl\/home\/wp-json\/wp\/v2\/posts\/398\/revisions"}],"predecessor-version":[{"id":760,"href":"https:\/\/doctorchristianfontecilla.cl\/home\/wp-json\/wp\/v2\/posts\/398\/revisions\/760"}],"wp:featuredmedia":[{"embeddable":true,"href":"https:\/\/doctorchristianfontecilla.cl\/home\/wp-json\/wp\/v2\/media\/303"}],"wp:attachment":[{"href":"https:\/\/doctorchristianfontecilla.cl\/home\/wp-json\/wp\/v2\/media?parent=398"}],"wp:term":[{"taxonomy":"category","embeddable":true,"href":"https:\/\/doctorchristianfontecilla.cl\/home\/wp-json\/wp\/v2\/categories?post=398"},{"taxonomy":"post_tag","embeddable":true,"href":"https:\/\/doctorchristianfontecilla.cl\/home\/wp-json\/wp\/v2\/tags?post=398"}],"curies":[{"name":"wp","href":"https:\/\/api.w.org\/{rel}","templated":true}]}}