{"id":422,"date":"2019-07-28T12:05:28","date_gmt":"2019-07-28T15:05:28","guid":{"rendered":"http:\/\/doctorchristianfontecilla.cl\/home\/?p=422"},"modified":"2022-05-12T19:08:45","modified_gmt":"2022-05-12T19:08:45","slug":"blefaritis-2","status":"publish","type":"post","link":"https:\/\/doctorchristianfontecilla.cl\/home\/blefaritis-2\/","title":{"rendered":"Blefaritis"},"content":{"rendered":"\n<figure class=\"wp-block-image size-full is-resized\"><img loading=\"lazy\" src=\"https:\/\/doctorchristianfontecilla.cl\/home\/wp-content\/uploads\/2022\/05\/de-la-poblacion-padece.png\" alt=\"\" class=\"wp-image-914\" width=\"472\" height=\"110\"\/><\/figure>\n\n\n\n<p>Es una inflamaci\u00f3n del borde del p\u00e1rpado que conlleva a una disminuci\u00f3n de la calidad de las lagrimas y ojos secos como consecuencia final . Se puede dividir:<\/p>\n\n\n\n<ul><li>Anterior: Se\nproducen la zona donde nacen las pesta\u00f1as<\/li><li>Posterior :En\nesta afecta en la&nbsp; zona posterior justo\ndespu\u00e9s donde nacen las pesta\u00f1as, donde las mujeres habitualmente se delinean.<\/li><li>Mixta: coexisten\nambas<\/li><\/ul>\n\n\n\n<p>Muchas veces se puede relacionar a\nenfermedades de la piel (ejemplo: ros\u00e1cea) <\/p>\n\n\n\n<h4>Clinica <\/h4>\n\n\n\n<ul><li>Enrojecimiento      <\/li><li>Sensaci\u00f3n de cuerpo extra\u00f1o&nbsp;<\/li><li>Prurito<\/li><li>&nbsp;\u201cCaspa\u201d entre las pesta\u00f1as y\/o gotas de grasa blanca salen por el borde del p\u00e1rpado.<\/li><li>Sequedad ocular<\/li><li>Fotofobia<\/li><li>Necesidad excesiva de parpadeo<\/li><li>Visi\u00f3n borrosa<\/li><li>Dolor<\/li><\/ul>\n\n\n\n<h4>Qu\u00e9 la causa<\/h4>\n\n\n\n<p>Principalmente el exceso de grasa producido\npor la glandula, que tapa a la misma glandula que la produce provocando la\ndisfunci\u00f3n de \u00e9sta.Tambi\u00e9n se ha asociado a proliferaci\u00f3n del \u00e1caro Demodex.<\/p>\n\n\n\n<h4>\u00bfQu\u00e9 puede llegar a ocurrir sin cuidados\nm\u00e9dicos?<\/h4>\n\n\n\n<p>El descuido o la falta de tratamiento pueden\nproducir chalaci\u00f3n, orzuelos, ojo seco, conjuntivitis cr\u00f3nica\ninespec\u00edficas,&nbsp; y otras. <\/p>\n\n\n\n<h4>Prevenci\u00f3n y tratamiento<\/h4>\n\n\n\n<p>Ser ordenado con las prevenciones que, en su\ncaso particular, le haya explicado su oculopl\u00e1stico tratante. <\/p>\n\n\n\n<p>Respecto a las generalidades: Higiene y limpieza frecuente con soluciones jabonosas y\/o toallitas Ad\u2013hoc complementados con masajes con compresas calientes. <\/p>\n\n\n\n<p>A veces&nbsp; se requieren colirios y f\u00e1rmacos sist\u00e9micos para controlar la inflamaci\u00f3n, su oculopl\u00e1stico le indicara si, en su caso, es necesario o no. <\/p>\n","protected":false},"excerpt":{"rendered":"<p>Es una inflamaci\u00f3n del borde del p\u00e1rpado que conlleva a una disminuci\u00f3n de la calidad de las lagrimas y ojos secos como consecuencia final . Se puede dividir: Anterior: Se producen la zona donde nacen las pesta\u00f1as Posterior :En esta afecta en la&nbsp; zona posterior justo despu\u00e9s donde nacen las pesta\u00f1as, donde las mujeres habitualmente [&hellip;]<\/p>\n","protected":false},"author":1,"featured_media":116,"comment_status":"closed","ping_status":"closed","sticky":false,"template":"","format":"standard","meta":[],"categories":[30],"tags":[28,29,17],"_links":{"self":[{"href":"https:\/\/doctorchristianfontecilla.cl\/home\/wp-json\/wp\/v2\/posts\/422"}],"collection":[{"href":"https:\/\/doctorchristianfontecilla.cl\/home\/wp-json\/wp\/v2\/posts"}],"about":[{"href":"https:\/\/doctorchristianfontecilla.cl\/home\/wp-json\/wp\/v2\/types\/post"}],"author":[{"embeddable":true,"href":"https:\/\/doctorchristianfontecilla.cl\/home\/wp-json\/wp\/v2\/users\/1"}],"replies":[{"embeddable":true,"href":"https:\/\/doctorchristianfontecilla.cl\/home\/wp-json\/wp\/v2\/comments?post=422"}],"version-history":[{"count":5,"href":"https:\/\/doctorchristianfontecilla.cl\/home\/wp-json\/wp\/v2\/posts\/422\/revisions"}],"predecessor-version":[{"id":917,"href":"https:\/\/doctorchristianfontecilla.cl\/home\/wp-json\/wp\/v2\/posts\/422\/revisions\/917"}],"wp:featuredmedia":[{"embeddable":true,"href":"https:\/\/doctorchristianfontecilla.cl\/home\/wp-json\/wp\/v2\/media\/116"}],"wp:attachment":[{"href":"https:\/\/doctorchristianfontecilla.cl\/home\/wp-json\/wp\/v2\/media?parent=422"}],"wp:term":[{"taxonomy":"category","embeddable":true,"href":"https:\/\/doctorchristianfontecilla.cl\/home\/wp-json\/wp\/v2\/categories?post=422"},{"taxonomy":"post_tag","embeddable":true,"href":"https:\/\/doctorchristianfontecilla.cl\/home\/wp-json\/wp\/v2\/tags?post=422"}],"curies":[{"name":"wp","href":"https:\/\/api.w.org\/{rel}","templated":true}]}}