{"id":435,"date":"2019-07-28T12:36:16","date_gmt":"2019-07-28T15:36:16","guid":{"rendered":"http:\/\/doctorchristianfontecilla.cl\/home\/?p=435"},"modified":"2022-05-02T23:47:53","modified_gmt":"2022-05-02T23:47:53","slug":"epifora-o-lagrimeo","status":"publish","type":"post","link":"https:\/\/doctorchristianfontecilla.cl\/home\/epifora-o-lagrimeo\/","title":{"rendered":"Epifora o Lagrimeo"},"content":{"rendered":"\n<figure class=\"wp-block-gallery aligncenter has-nested-images columns-default is-cropped\">\n<figure class=\"wp-block-image\"><img data-id=\"864\"  src=\"https:\/\/doctorchristianfontecilla.cl\/home\/wp-content\/uploads\/2019\/11\/epifora.png\" alt=\"\" class=\"wp-image-864\"\/><\/figure>\n<\/figure>\n\n\n\n<h4>\u00bfQu\u00e9 lo causa?<\/h4>\n\n\n\n<p>Una vez descartada que la&nbsp; causa del lagrimeo o epifora sea ojo seco ,\nmalposici\u00f3n palpebral o&nbsp; alg\u00fan proceso\ncomo conjuntivitis , se comprueba si hay o no obstrucci\u00f3n de la v\u00eda lagrimal .<\/p>\n\n\n\n<h4>\u00bfC\u00f3mo se hace el diagn\u00f3stico?<\/h4>\n\n\n\n<p>Esto se realiza mediante un sondaje de la v\u00eda lagrimal . Se irriga suero fisiol\u00f3gico. Si el suero&nbsp; no llega a la garganta o refluye hacia el ojo, pensamos que hay alg\u00fan tipo de obstrucci\u00f3n.<\/p>\n\n\n\n<p>Las causas de la obstrucci\u00f3n depender\u00e1n\ndel nivel que se produzcan y de que edad tenga el pacientes. En los ni\u00f1os\npeque\u00f1os de menos de 1 a\u00f1o generalmente se deben a membranas remanentes del\nperiodo fetal que no terminan de abrirse. En los adultos mayores la mayor\u00eda de\nlas veces se debe a estrechamiento del canal de salida de la lagrima a la\nnariz.<\/p>\n\n\n\n<h4>Prevenci\u00f3n y tratamiento<\/h4>\n\n\n\n<p>La consulta precoz con un oculopl\u00e1stico puede prevenir complicaciones mayores como por ejemplo infecciones de la v\u00eda lagrimal (dacriocistitis). El tratamiento definitivo es quir\u00fargico<\/p>\n","protected":false},"excerpt":{"rendered":"<p>\u00bfQu\u00e9 lo causa? Una vez descartada que la&nbsp; causa del lagrimeo o epifora sea ojo seco , malposici\u00f3n palpebral o&nbsp; alg\u00fan proceso como conjuntivitis , se comprueba si hay o no obstrucci\u00f3n de la v\u00eda lagrimal . \u00bfC\u00f3mo se hace el diagn\u00f3stico? Esto se realiza mediante un sondaje de la v\u00eda lagrimal . Se irriga [&hellip;]<\/p>\n","protected":false},"author":1,"featured_media":111,"comment_status":"closed","ping_status":"closed","sticky":false,"template":"","format":"standard","meta":[],"categories":[30],"tags":[32,33],"_links":{"self":[{"href":"https:\/\/doctorchristianfontecilla.cl\/home\/wp-json\/wp\/v2\/posts\/435"}],"collection":[{"href":"https:\/\/doctorchristianfontecilla.cl\/home\/wp-json\/wp\/v2\/posts"}],"about":[{"href":"https:\/\/doctorchristianfontecilla.cl\/home\/wp-json\/wp\/v2\/types\/post"}],"author":[{"embeddable":true,"href":"https:\/\/doctorchristianfontecilla.cl\/home\/wp-json\/wp\/v2\/users\/1"}],"replies":[{"embeddable":true,"href":"https:\/\/doctorchristianfontecilla.cl\/home\/wp-json\/wp\/v2\/comments?post=435"}],"version-history":[{"count":1,"href":"https:\/\/doctorchristianfontecilla.cl\/home\/wp-json\/wp\/v2\/posts\/435\/revisions"}],"predecessor-version":[{"id":748,"href":"https:\/\/doctorchristianfontecilla.cl\/home\/wp-json\/wp\/v2\/posts\/435\/revisions\/748"}],"wp:featuredmedia":[{"embeddable":true,"href":"https:\/\/doctorchristianfontecilla.cl\/home\/wp-json\/wp\/v2\/media\/111"}],"wp:attachment":[{"href":"https:\/\/doctorchristianfontecilla.cl\/home\/wp-json\/wp\/v2\/media?parent=435"}],"wp:term":[{"taxonomy":"category","embeddable":true,"href":"https:\/\/doctorchristianfontecilla.cl\/home\/wp-json\/wp\/v2\/categories?post=435"},{"taxonomy":"post_tag","embeddable":true,"href":"https:\/\/doctorchristianfontecilla.cl\/home\/wp-json\/wp\/v2\/tags?post=435"}],"curies":[{"name":"wp","href":"https:\/\/api.w.org\/{rel}","templated":true}]}}