{"id":443,"date":"2019-07-28T12:44:24","date_gmt":"2019-07-28T15:44:24","guid":{"rendered":"http:\/\/doctorchristianfontecilla.cl\/home\/?p=443"},"modified":"2022-05-02T23:47:32","modified_gmt":"2022-05-02T23:47:32","slug":"paralisis-del-nervio-facial","status":"publish","type":"post","link":"https:\/\/doctorchristianfontecilla.cl\/home\/paralisis-del-nervio-facial\/","title":{"rendered":"Par\u00e1lisis Del Nervio Facial"},"content":{"rendered":"\n<figure class=\"wp-block-gallery aligncenter has-nested-images columns-default is-cropped\">\n<figure class=\"wp-block-image\"><img data-id=\"868\"  src=\"https:\/\/doctorchristianfontecilla.cl\/home\/wp-content\/uploads\/2019\/11\/paralisis.png\" alt=\"\" class=\"wp-image-868\"\/><\/figure>\n<\/figure>\n\n\n\n<h4>\u00bfQU\u00c9 LA CAUSA?<\/h4>\n\n\n\n<p>Se produce da\u00f1o en el nervio facial. Las\nprincipales&nbsp; causas son idiop\u00e1ticas (no\nidentificadas), infecciones, tumores, trauma o post operatorias.<\/p>\n\n\n\n<h4>\u00bfQu\u00e9 consecuencias trae?<\/h4>\n\n\n\n<p>El nervio facial inerva los m\u00fasculos de\nla cara, incluido el musculo orbicular , que es el encargado de cerrar el ojo\ny&nbsp; \u201cexprimir\u201d la lagrima del ojo hacia la\nv\u00eda lagrimal. por lo que la par\u00e1lisis causa que nada de esto se produzca.<\/p>\n\n\n\n<h4>Consecuencias<\/h4>\n\n\n\n<ul><li>Ectropi\u00f3n paral\u00edtico: se\nevierte el p\u00e1rpado<\/li><li>Lagoftalmos: no cierra el\nojo, con el consecuente ojo seco, que si es muy severo&nbsp; puede llegar hasta la perforaci\u00f3n ocular.<\/li><li>Lagrimeo: producida por las 2\ncausas anteriores<\/li><\/ul>\n\n\n\n<h4>Cl\u00ednica<\/h4>\n\n\n\n<p>Imposibilidad de cerrar el ojo, lagrimeo.\nDesviaci\u00f3n de la boca hacia el lado sano, desaparici\u00f3n de las arrugas del lado\nafectado.<\/p>\n\n\n\n<h4>Tratamiento<\/h4>\n\n\n\n<p>La consulta con su&nbsp; oculopl\u00e1stico permite que se estudie su caso\nen particular, con el tratamiento especifico.<\/p>\n\n\n\n<h4>Generalidades<\/h4>\n\n\n\n<p>En las primeras\nsemanas lubricaci\u00f3n intensiva d\u00eda y noche con lagrimas artificiales, gel o\nc\u00e1maras de humedad. Dependiendo de la causa y del grado de afectaci\u00f3n un\nsegundo nivel de tratamiento es el quir\u00fargico, en donde b\u00e1sicamente se usan\ndiferentes t\u00e9cnicas para que el ojo cierre mejor y no haya problemas corneales\npor el mal cerrado(mala oclusi\u00f3n) de \u00e9ste.<\/p>\n","protected":false},"excerpt":{"rendered":"<p>\u00bfQU\u00c9 LA CAUSA? Se produce da\u00f1o en el nervio facial. Las principales&nbsp; causas son idiop\u00e1ticas (no identificadas), infecciones, tumores, trauma o post operatorias. \u00bfQu\u00e9 consecuencias trae? El nervio facial inerva los m\u00fasculos de la cara, incluido el musculo orbicular , que es el encargado de cerrar el ojo y&nbsp; \u201cexprimir\u201d la lagrima del ojo hacia [&hellip;]<\/p>\n","protected":false},"author":1,"featured_media":114,"comment_status":"closed","ping_status":"closed","sticky":false,"template":"","format":"standard","meta":[],"categories":[30],"tags":[34],"_links":{"self":[{"href":"https:\/\/doctorchristianfontecilla.cl\/home\/wp-json\/wp\/v2\/posts\/443"}],"collection":[{"href":"https:\/\/doctorchristianfontecilla.cl\/home\/wp-json\/wp\/v2\/posts"}],"about":[{"href":"https:\/\/doctorchristianfontecilla.cl\/home\/wp-json\/wp\/v2\/types\/post"}],"author":[{"embeddable":true,"href":"https:\/\/doctorchristianfontecilla.cl\/home\/wp-json\/wp\/v2\/users\/1"}],"replies":[{"embeddable":true,"href":"https:\/\/doctorchristianfontecilla.cl\/home\/wp-json\/wp\/v2\/comments?post=443"}],"version-history":[{"count":1,"href":"https:\/\/doctorchristianfontecilla.cl\/home\/wp-json\/wp\/v2\/posts\/443\/revisions"}],"predecessor-version":[{"id":747,"href":"https:\/\/doctorchristianfontecilla.cl\/home\/wp-json\/wp\/v2\/posts\/443\/revisions\/747"}],"wp:featuredmedia":[{"embeddable":true,"href":"https:\/\/doctorchristianfontecilla.cl\/home\/wp-json\/wp\/v2\/media\/114"}],"wp:attachment":[{"href":"https:\/\/doctorchristianfontecilla.cl\/home\/wp-json\/wp\/v2\/media?parent=443"}],"wp:term":[{"taxonomy":"category","embeddable":true,"href":"https:\/\/doctorchristianfontecilla.cl\/home\/wp-json\/wp\/v2\/categories?post=443"},{"taxonomy":"post_tag","embeddable":true,"href":"https:\/\/doctorchristianfontecilla.cl\/home\/wp-json\/wp\/v2\/tags?post=443"}],"curies":[{"name":"wp","href":"https:\/\/api.w.org\/{rel}","templated":true}]}}