{"id":705,"date":"2019-10-16T05:18:09","date_gmt":"2019-10-16T08:18:09","guid":{"rendered":"https:\/\/doctorchristianfontecilla.cl\/home\/?p=705"},"modified":"2022-05-12T19:51:03","modified_gmt":"2022-05-12T19:51:03","slug":"tumores-orbitarios","status":"publish","type":"post","link":"https:\/\/doctorchristianfontecilla.cl\/home\/tumores-orbitarios\/","title":{"rendered":"Tumores orbitarios"},"content":{"rendered":"\n<figure class=\"wp-block-gallery aligncenter has-nested-images columns-default is-cropped\">\n<figure class=\"wp-block-image\"><img data-id=\"878\"  src=\"https:\/\/doctorchristianfontecilla.cl\/home\/wp-content\/uploads\/2019\/11\/Tumores-orbitarios.png\" alt=\"\" class=\"wp-image-878\"\/><\/figure>\n<\/figure>\n\n\n\n<p><strong>\u00bfQu\u00e9 son?<\/strong><\/p>\n\n\n\n<p>Son tumores muy poco frecuentes.La mayor\u00eda benignos y de crecimiento lente. Hay excepciones de tumores de r\u00e1pido crecimiento ,que pueden amenazar la visi\u00f3n y algunos m\u00e1s raros la vida del paciente.<br><strong>Cl\u00ednica<\/strong><\/p>\n\n\n\n<p>La principal manifestaci\u00f3n es el exoftalmos o proptosis del ojo. La visi\u00f3n doble o diplop\u00eda tambi\u00e9n es un signo frecuente<\/p>\n\n\n\n<p><strong>Prevenci\u00f3n y tratamiento<\/strong><\/p>\n\n\n\n<p>La consulta precoz es primordial. El tratamiento ser\u00e1 casi siempre quir\u00fargico.<br>acompa\u00f1ado de otras terapias medicas seg\u00fan corresponda.<\/p>\n","protected":false},"excerpt":{"rendered":"<p>Son tumores muy poco frecuentes, benignos ,que en su mayor\u00eda crecen lentamente. <\/p>\n","protected":false},"author":1,"featured_media":113,"comment_status":"closed","ping_status":"closed","sticky":false,"template":"","format":"standard","meta":[],"categories":[30],"tags":[36],"_links":{"self":[{"href":"https:\/\/doctorchristianfontecilla.cl\/home\/wp-json\/wp\/v2\/posts\/705"}],"collection":[{"href":"https:\/\/doctorchristianfontecilla.cl\/home\/wp-json\/wp\/v2\/posts"}],"about":[{"href":"https:\/\/doctorchristianfontecilla.cl\/home\/wp-json\/wp\/v2\/types\/post"}],"author":[{"embeddable":true,"href":"https:\/\/doctorchristianfontecilla.cl\/home\/wp-json\/wp\/v2\/users\/1"}],"replies":[{"embeddable":true,"href":"https:\/\/doctorchristianfontecilla.cl\/home\/wp-json\/wp\/v2\/comments?post=705"}],"version-history":[{"count":3,"href":"https:\/\/doctorchristianfontecilla.cl\/home\/wp-json\/wp\/v2\/posts\/705\/revisions"}],"predecessor-version":[{"id":936,"href":"https:\/\/doctorchristianfontecilla.cl\/home\/wp-json\/wp\/v2\/posts\/705\/revisions\/936"}],"wp:featuredmedia":[{"embeddable":true,"href":"https:\/\/doctorchristianfontecilla.cl\/home\/wp-json\/wp\/v2\/media\/113"}],"wp:attachment":[{"href":"https:\/\/doctorchristianfontecilla.cl\/home\/wp-json\/wp\/v2\/media?parent=705"}],"wp:term":[{"taxonomy":"category","embeddable":true,"href":"https:\/\/doctorchristianfontecilla.cl\/home\/wp-json\/wp\/v2\/categories?post=705"},{"taxonomy":"post_tag","embeddable":true,"href":"https:\/\/doctorchristianfontecilla.cl\/home\/wp-json\/wp\/v2\/tags?post=705"}],"curies":[{"name":"wp","href":"https:\/\/api.w.org\/{rel}","templated":true}]}}