{"id":707,"date":"2019-10-16T05:21:54","date_gmt":"2019-10-16T08:21:54","guid":{"rendered":"https:\/\/doctorchristianfontecilla.cl\/home\/?p=707"},"modified":"2022-12-12T17:56:05","modified_gmt":"2022-12-12T17:56:05","slug":"pterigion-2","status":"publish","type":"post","link":"https:\/\/doctorchristianfontecilla.cl\/home\/pterigion-2\/","title":{"rendered":"Pterigi\u00f3n"},"content":{"rendered":"\n<p>Es el crecimiento anormal de la conjuntiva sobre la c\u00f3rnea produciendo sensaci\u00f3n de cuerpo extra\u00f1o, irritaci\u00f3n, y en etapas avanzadas disminuci\u00f3n de la visi\u00f3n.<\/p>\n\n\n\n<p>Previamente a la cirug\u00eda se realizan evaluaci\u00f3n oftalmol\u00f3gica.<\/p>\n\n\n\n<p><strong>La cirug\u00eda misma<\/strong><\/p>\n\n\n\n<ul><li>Anestesia: t\u00f3pica (gotas ) y\/o local m\u00e1s sedaci\u00f3n del paciente en adultos. <\/li><li>La cirug\u00eda se puede realizar con puntos o con un pegamento biol\u00f3gico y dura aproximadamente 30 minutos.<\/li><li>Seguimiento post operatorio:<ol type=\"1\"><li>Controles sucesivos dentro del primer mes.Si la cirug\u00eda se realiza       con puntos, estos se retiran a los 15 d\u00edas.<\/li><li>Tratamiento farmacol\u00f3gico: se utilizan colirios&nbsp; con       antibi\u00f3ticos , colirios antiinflamatorios y lagrimas artificiales.<\/li><li>Frio local: no es necesario para esta cirug\u00eda.<\/li><li>Dieta: normal.<\/li><li>Posibles molestias post operatorias: dificultad para cerrar el       ojo(primeros d\u00edas) visi\u00f3n borrosa, hinchaz\u00f3n, sensacion de cuerpo extra\u00f1o<\/li><\/ol><\/li><\/ul>\n\n\n\n<p>Las primeras 24 hrs: tendr\u00e1 el ojo operado vendado<\/p>\n\n\n\n<p><strong>Recomendaciones generales post operatorias<\/strong><\/p>\n\n\n\n<ul><li>Leer, ver televisi\u00f3n sin restricci\u00f3n.<\/li><li>No frotar los parpados.<\/li><li>Evitara dormir para el lado operado.<\/li><\/ul>\n\n\n\n<p><strong>\u00bfCu\u00e1ndo acudir a control de urgencia?<\/strong><\/p>\n\n\n\n<ul><li>Dolor que no responde a analgesia<\/li><li>Sangrado abundante<\/li><li>Perdida de parte de la sutura<\/li><\/ul>\n","protected":false},"excerpt":{"rendered":"<p>Es un crecimiento anormal de la conjuntiva sobre la cornea . en etapas avanzadas puede disminuir la visi\u00f3n por inducir altos astigmatismo o entorpecer el eje visual.<\/p>\n","protected":false},"author":1,"featured_media":992,"comment_status":"closed","ping_status":"closed","sticky":false,"template":"","format":"standard","meta":[],"categories":[10],"tags":[37],"_links":{"self":[{"href":"https:\/\/doctorchristianfontecilla.cl\/home\/wp-json\/wp\/v2\/posts\/707"}],"collection":[{"href":"https:\/\/doctorchristianfontecilla.cl\/home\/wp-json\/wp\/v2\/posts"}],"about":[{"href":"https:\/\/doctorchristianfontecilla.cl\/home\/wp-json\/wp\/v2\/types\/post"}],"author":[{"embeddable":true,"href":"https:\/\/doctorchristianfontecilla.cl\/home\/wp-json\/wp\/v2\/users\/1"}],"replies":[{"embeddable":true,"href":"https:\/\/doctorchristianfontecilla.cl\/home\/wp-json\/wp\/v2\/comments?post=707"}],"version-history":[{"count":1,"href":"https:\/\/doctorchristianfontecilla.cl\/home\/wp-json\/wp\/v2\/posts\/707\/revisions"}],"predecessor-version":[{"id":744,"href":"https:\/\/doctorchristianfontecilla.cl\/home\/wp-json\/wp\/v2\/posts\/707\/revisions\/744"}],"wp:featuredmedia":[{"embeddable":true,"href":"https:\/\/doctorchristianfontecilla.cl\/home\/wp-json\/wp\/v2\/media\/992"}],"wp:attachment":[{"href":"https:\/\/doctorchristianfontecilla.cl\/home\/wp-json\/wp\/v2\/media?parent=707"}],"wp:term":[{"taxonomy":"category","embeddable":true,"href":"https:\/\/doctorchristianfontecilla.cl\/home\/wp-json\/wp\/v2\/categories?post=707"},{"taxonomy":"post_tag","embeddable":true,"href":"https:\/\/doctorchristianfontecilla.cl\/home\/wp-json\/wp\/v2\/tags?post=707"}],"curies":[{"name":"wp","href":"https:\/\/api.w.org\/{rel}","templated":true}]}}